{"id":23830,"date":"2025-10-13T10:18:33","date_gmt":"2025-10-13T10:18:33","guid":{"rendered":"https:\/\/idibe.umh.es\/?p=23830"},"modified":"2025-10-13T10:18:34","modified_gmt":"2025-10-13T10:18:34","slug":"idibe-at-biospain2025","status":"publish","type":"post","link":"https:\/\/idibe.umh.es\/en\/2025\/10\/13\/idibe-at-biospain2025\/","title":{"rendered":"IDIBE at BIOSPAIN2025"},"content":{"rendered":"<p style=\"text-align: justify\" data-start=\"131\" data-end=\"161\">\ud83c\udf3f\ud83d\udd2c <strong data-start=\"136\" data-end=\"161\">IDiBE at BIOSPAIN2025<\/strong><\/p>\n<p style=\"text-align: justify\" data-start=\"163\" data-end=\"344\"><strong data-start=\"163\" data-end=\"172\">IDiBE<\/strong> took part in <strong data-start=\"186\" data-end=\"202\">BIOSPAIN2025<\/strong>, driving biosanitary innovation through the participation of our <strong data-start=\"268\" data-end=\"282\"><a class=\"GMBOtFHoAAghrirZylueNQAwOcoayZpyXXQ \" href=\"https:\/\/www.linkedin.com\/search\/results\/all\/?keywords=%23innoagents&amp;origin=HASH_TAG_FROM_FEED\" data-test-app-aware-link=\"\"><span aria-hidden=\"true\">#<\/span>Innoagents<\/a> <a id=\"ember909\" class=\"ember-view\" href=\"https:\/\/www.linkedin.com\/in\/anabel-garc%C3%ADa-heredia-39687178\/\">Anabel Garc\u00eda Heredia<\/a> and <a id=\"ember910\" class=\"ember-view\" href=\"https:\/\/www.linkedin.com\/in\/francisco-mart%C3%ADnez-hern%C3%A1ndez-43473191\/\">Francisco Mart\u00ednez Hern\u00e1ndez<\/a>.\u00a0<\/strong><\/p>\n<p style=\"text-align: justify\" data-start=\"346\" data-end=\"712\">Throughout the event \u2014 via visits to our stand and one-to-one meetings with private companies, public institutions, and investment funds \u2014 <strong data-start=\"485\" data-end=\"494\">IDiBE<\/strong> strengthened its presence within the biotechnology ecosystem, creating new synergies, fostering collaborations, and consolidating its position as a <strong data-start=\"643\" data-end=\"709\">national and international reference in biosanitary innovation<\/strong>.<\/p>\n<p style=\"text-align: justify\" data-start=\"714\" data-end=\"959\">\ud83e\udd1d We would like to thank the <a href=\"https:\/\/www.linkedin.com\/company\/instituto-valenciano-de-competitividad-empresarial---ivace\/?lipi=urn%3Ali%3Apage%3Ad_flagship3_company_posts%3Bx33pUePOSQi%2FJaSx2C43cw%3D%3D\"><strong data-start=\"744\" data-end=\"813\">Valencian Institute for Competitiveness and Innovation (IVACE +i)<\/strong> <span style=\"color: #000000\">of the<\/span> <strong data-start=\"821\" data-end=\"847\">Generalitat Valenciana<\/strong><\/a> for their support in bringing the results of our research closer to society and promoting knowledge transfer.<\/p>\n<p data-start=\"714\" data-end=\"959\">\n<p data-start=\"714\" data-end=\"959\"><img loading=\"lazy\" class=\"alignnone size-medium wp-image-23821\" src=\"https:\/\/idibe.umh.es\/files\/2025\/10\/WhatsApp-Image-2025-10-13-at-12.01.19-225x300.jpeg\" alt=\"\" width=\"225\" height=\"300\" \/> <img loading=\"lazy\" class=\"alignnone size-medium wp-image-23827\" src=\"https:\/\/idibe.umh.es\/files\/2025\/10\/WhatsApp-Image-2025-10-13-at-12.03.20-225x300.jpeg\" alt=\"\" width=\"225\" height=\"300\" \/> <img loading=\"lazy\" class=\"alignnone size-medium wp-image-23797\" src=\"https:\/\/idibe.umh.es\/files\/2025\/10\/BIOSPAIN3-225x300.jpg\" alt=\"\" width=\"225\" height=\"300\" \/> <img loading=\"lazy\" class=\"alignnone size-medium wp-image-23815\" src=\"https:\/\/idibe.umh.es\/files\/2025\/10\/WhatsApp-Image-2025-10-13-at-12.00.18-225x300.jpeg\" alt=\"\" width=\"225\" height=\"300\" \/> <img loading=\"lazy\" class=\"alignnone size-medium wp-image-23803\" src=\"https:\/\/idibe.umh.es\/files\/2025\/10\/BIOSPAIN4-225x300.jpg\" alt=\"\" width=\"225\" height=\"300\" \/> <img loading=\"lazy\" class=\"alignnone size-medium wp-image-23791\" src=\"https:\/\/idibe.umh.es\/files\/2025\/10\/BIOSPAIN2-225x300.jpg\" alt=\"\" width=\"225\" height=\"300\" \/> <img loading=\"lazy\" class=\"alignnone size-medium wp-image-23809\" src=\"https:\/\/idibe.umh.es\/files\/2025\/10\/BIOSPAIN5-300x224.jpg\" alt=\"\" width=\"300\" height=\"224\" \/><\/p>\n","protected":false},"excerpt":{"rendered":"<p>\ud83c\udf3f\ud83d\udd2c IDiBE at BIOSPAIN2025 IDiBE took part in BIOSPAIN2025, driving biosanitary innovation through the participation of our #Innoagents Anabel Garc\u00eda Heredia and Francisco Mart\u00ednez Hern\u00e1ndez.\u00a0 Throughout the event \u2014 via visits to our stand and one-to-one meetings with private companies, public institutions, and investment funds \u2014 IDiBE strengthened its presence within the biotechnology ecosystem, creating [&hellip;]<\/p>\n","protected":false},"author":30306,"featured_media":23785,"comment_status":"closed","ping_status":"open","sticky":false,"template":"","format":"standard","meta":{"_et_pb_use_builder":"","_et_pb_old_content":"","_et_gb_content_width":"","_links_to":"","_links_to_target":""},"categories":[1],"tags":[],"_links":{"self":[{"href":"https:\/\/idibe.umh.es\/en\/wp-json\/wp\/v2\/posts\/23830"}],"collection":[{"href":"https:\/\/idibe.umh.es\/en\/wp-json\/wp\/v2\/posts"}],"about":[{"href":"https:\/\/idibe.umh.es\/en\/wp-json\/wp\/v2\/types\/post"}],"author":[{"embeddable":true,"href":"https:\/\/idibe.umh.es\/en\/wp-json\/wp\/v2\/users\/30306"}],"replies":[{"embeddable":true,"href":"https:\/\/idibe.umh.es\/en\/wp-json\/wp\/v2\/comments?post=23830"}],"version-history":[{"count":0,"href":"https:\/\/idibe.umh.es\/en\/wp-json\/wp\/v2\/posts\/23830\/revisions"}],"wp:featuredmedia":[{"embeddable":true,"href":"https:\/\/idibe.umh.es\/en\/wp-json\/wp\/v2\/media\/23785"}],"wp:attachment":[{"href":"https:\/\/idibe.umh.es\/en\/wp-json\/wp\/v2\/media?parent=23830"}],"wp:term":[{"taxonomy":"category","embeddable":true,"href":"https:\/\/idibe.umh.es\/en\/wp-json\/wp\/v2\/categories?post=23830"},{"taxonomy":"post_tag","embeddable":true,"href":"https:\/\/idibe.umh.es\/en\/wp-json\/wp\/v2\/tags?post=23830"}],"curies":[{"name":"wp","href":"https:\/\/api.w.org\/{rel}","templated":true}]}}