{"id":24242,"date":"2025-10-20T12:25:29","date_gmt":"2025-10-20T12:25:29","guid":{"rendered":"https:\/\/idibe.umh.es\/?p=24242"},"modified":"2025-10-20T12:25:29","modified_gmt":"2025-10-20T12:25:29","slug":"idibe-at-the-8th-nit-biotec-of-bioval","status":"publish","type":"post","link":"https:\/\/idibe.umh.es\/en\/2025\/10\/20\/idibe-at-the-8th-nit-biotec-of-bioval\/","title":{"rendered":"IDiBE at the 8th Nit Biotec of BIOVAL"},"content":{"rendered":"<p style=\"text-align: justify\" data-start=\"99\" data-end=\"329\">\ud83c\udf89 Last week, <strong data-start=\"113\" data-end=\"198\">IDiBE\u2019s Innovation Agents, <a href=\"https:\/\/www.linkedin.com\/in\/francisco-mart%C3%ADnez-hern%C3%A1ndez-43473191\/\">Francisco Mart\u00ednez Hern\u00e1ndez<\/a> and <a href=\"https:\/\/www.linkedin.com\/in\/anabel-garc%C3%ADa-heredia-39687178\/\">Anabel Garc\u00eda Heredia<\/a><\/strong>, attended the <strong data-start=\"213\" data-end=\"241\">8th Nit Biotec of BIOVAL<\/strong>, held at <a href=\"https:\/\/biohubvlc.es\/\"><strong data-start=\"251\" data-end=\"265\">BIOHUB VLC<\/strong><\/a>\u2014a key event for boosting the Valencian biotechnology ecosystem.<\/p>\n<p style=\"text-align: justify\" data-start=\"331\" data-end=\"571\">The gala honored organizations and professionals who are transforming the biotech sector in the Valencian Community, highlighting outstanding initiatives in advanced therapies, scientific leadership, young talent, and science communication.<\/p>\n<p style=\"text-align: justify\" data-start=\"573\" data-end=\"803\">\ud83d\ude4c It was an excellent opportunity to <strong data-start=\"611\" data-end=\"734\">build new connections, explore strategic collaborations, and continue driving biotechnological innovation in our region<\/strong>, strengthening the ecosystem and bringing science closer to society.<\/p>\n<p style=\"text-align: justify\" data-start=\"805\" data-end=\"843\">\ud83d\udd17 Full news: <a class=\"decorated-link\" href=\"https:\/\/lnkd.in\/d9cqSuXx\" target=\"_new\" rel=\"noopener\" data-start=\"819\" data-end=\"843\">https:\/\/lnkd.in\/d9cqSuXx<\/a><\/p>\n<p data-start=\"805\" data-end=\"843\"><img loading=\"lazy\" class=\"alignnone size-medium wp-image-24215\" src=\"https:\/\/idibe.umh.es\/files\/2025\/10\/ANGELA_DIRECTORA-300x200.jpg\" alt=\"\" width=\"300\" height=\"200\" \/> <img loading=\"lazy\" class=\"alignnone size-medium wp-image-24221\" src=\"https:\/\/idibe.umh.es\/files\/2025\/10\/HOMBRE-IMP-300x200.jpg\" alt=\"\" width=\"300\" height=\"200\" \/> <img loading=\"lazy\" class=\"alignnone size-medium wp-image-24227\" src=\"https:\/\/idibe.umh.es\/files\/2025\/10\/PREMIADOS-300x200.jpg\" alt=\"\" width=\"300\" height=\"200\" \/> <img loading=\"lazy\" class=\"alignnone size-medium wp-image-24233\" src=\"https:\/\/idibe.umh.es\/files\/2025\/10\/premiosBIOVAL-300x200.jpg\" alt=\"\" width=\"300\" height=\"200\" \/> <img loading=\"lazy\" class=\"alignnone size-medium wp-image-24239\" src=\"https:\/\/idibe.umh.es\/files\/2025\/10\/PUBLICO-BIOVAL-300x200.jpg\" alt=\"\" width=\"300\" height=\"200\" \/> <img loading=\"lazy\" class=\"alignnone size-medium wp-image-24209\" src=\"https:\/\/idibe.umh.es\/files\/2025\/10\/WhatsApp-Image-2025-10-20-at-14.00.23-300x300.jpeg\" alt=\"\" width=\"300\" height=\"300\" \/><\/p>\n","protected":false},"excerpt":{"rendered":"<p>\ud83c\udf89 Last week, IDiBE\u2019s Innovation Agents, Francisco Mart\u00ednez Hern\u00e1ndez and Anabel Garc\u00eda Heredia, attended the 8th Nit Biotec of BIOVAL, held at BIOHUB VLC\u2014a key event for boosting the Valencian biotechnology ecosystem. The gala honored organizations and professionals who are transforming the biotech sector in the Valencian Community, highlighting outstanding initiatives in advanced therapies, scientific [&hellip;]<\/p>\n","protected":false},"author":30306,"featured_media":24203,"comment_status":"closed","ping_status":"open","sticky":false,"template":"","format":"standard","meta":{"_et_pb_use_builder":"","_et_pb_old_content":"","_et_gb_content_width":"","_links_to":"","_links_to_target":""},"categories":[1],"tags":[],"_links":{"self":[{"href":"https:\/\/idibe.umh.es\/en\/wp-json\/wp\/v2\/posts\/24242"}],"collection":[{"href":"https:\/\/idibe.umh.es\/en\/wp-json\/wp\/v2\/posts"}],"about":[{"href":"https:\/\/idibe.umh.es\/en\/wp-json\/wp\/v2\/types\/post"}],"author":[{"embeddable":true,"href":"https:\/\/idibe.umh.es\/en\/wp-json\/wp\/v2\/users\/30306"}],"replies":[{"embeddable":true,"href":"https:\/\/idibe.umh.es\/en\/wp-json\/wp\/v2\/comments?post=24242"}],"version-history":[{"count":0,"href":"https:\/\/idibe.umh.es\/en\/wp-json\/wp\/v2\/posts\/24242\/revisions"}],"wp:featuredmedia":[{"embeddable":true,"href":"https:\/\/idibe.umh.es\/en\/wp-json\/wp\/v2\/media\/24203"}],"wp:attachment":[{"href":"https:\/\/idibe.umh.es\/en\/wp-json\/wp\/v2\/media?parent=24242"}],"wp:term":[{"taxonomy":"category","embeddable":true,"href":"https:\/\/idibe.umh.es\/en\/wp-json\/wp\/v2\/categories?post=24242"},{"taxonomy":"post_tag","embeddable":true,"href":"https:\/\/idibe.umh.es\/en\/wp-json\/wp\/v2\/tags?post=24242"}],"curies":[{"name":"wp","href":"https:\/\/api.w.org\/{rel}","templated":true}]}}