{"id":24836,"date":"2025-11-07T11:04:26","date_gmt":"2025-11-07T11:04:26","guid":{"rendered":"https:\/\/idibe.umh.es\/?p=24836"},"modified":"2025-11-07T11:05:04","modified_gmt":"2025-11-07T11:05:04","slug":"successful-first-welcome-day-of-the-phd-programme-in-health-biotechnology","status":"publish","type":"post","link":"https:\/\/idibe.umh.es\/en\/2025\/11\/07\/successful-first-welcome-day-of-the-phd-programme-in-health-biotechnology\/","title":{"rendered":"Successful First Welcome Day of the PhD Programme in Health Biotechnology"},"content":{"rendered":"<p>[et_pb_section fb_built=&#8221;1&#8243; _builder_version=&#8221;4.16&#8243; global_colors_info=&#8221;{}&#8221;][et_pb_row _builder_version=&#8221;4.16&#8243; background_size=&#8221;initial&#8221; background_position=&#8221;top_left&#8221; background_repeat=&#8221;repeat&#8221; global_colors_info=&#8221;{}&#8221;][et_pb_column type=&#8221;4_4&#8243; _builder_version=&#8221;4.16&#8243; custom_padding=&#8221;|||&#8221; global_colors_info=&#8221;{}&#8221; custom_padding__hover=&#8221;|||&#8221;][et_pb_text _builder_version=&#8221;4.16&#8243; background_size=&#8221;initial&#8221; background_position=&#8221;top_left&#8221; background_repeat=&#8221;repeat&#8221; global_colors_info=&#8221;{}&#8221;]<\/p>\n<p style=\"text-align: justify\" data-start=\"202\" data-end=\"770\">The PhD Programme in Health Biotechnology held its <strong data-start=\"253\" data-end=\"274\">first Welcome Day<\/strong>, an event designed to support new doctoral students at the beginning of their research journey and to strengthen interaction among students from different years and research groups. The event was particularly meaningful because it was <strong data-start=\"510\" data-end=\"563\">entirely organised by the PhD students themselves<\/strong>, demonstrating their commitment and active involvement in the programme.<br data-start=\"636\" data-end=\"639\" \/>The session was <strong data-start=\"655\" data-end=\"692\">moderated by Pedro Valent\u00edn Bad\u00eda<\/strong>, who guided the progression of the event and facilitated all activity blocks.<\/p>\n<p style=\"text-align: justify\" data-start=\"772\" data-end=\"1140\">The session was opened by <strong data-start=\"798\" data-end=\"825\">Paloma Alonso-Magdalena<\/strong>, Deputy Director of the IDiBE, who welcomed the participants. Afterwards, <strong data-start=\"900\" data-end=\"932\">Gregorio Fern\u00e1ndez Ballester<\/strong>, Coordinator of the PhD Programme in Health Biotechnology, presented the structure and functioning of the programme, offering first-year students a clear overview of the academic and administrative dynamics.<\/p>\n<p style=\"text-align: justify\" data-start=\"1142\" data-end=\"1471\">Following this, <strong data-start=\"1158\" data-end=\"1168\">Anabel Garc\u00eda-Heredia<\/strong>, Innovation Officer at IDiBE, gave a practical presentation on how to use the programme\u2019s website and on the different funding options available \u2014both public and private\u2014 for doctoral studies and postdoctoral stages. She also provided information about career opportunities inside and outside academia.<\/p>\n<p style=\"text-align: justify\" data-start=\"1473\" data-end=\"1707\">The Welcome Day also included an <strong data-start=\"1506\" data-end=\"1530\">interactive activity<\/strong> designed to encourage networking among PhD students from different groups and research areas, promoting collaboration and peer support from the very beginning of the programme.<\/p>\n<p style=\"text-align: justify\" data-start=\"1709\" data-end=\"2189\">One of the most valuable moments of the event was the <strong data-start=\"1763\" data-end=\"1808\">round table with postdoctoral researchers<\/strong>, former students of the same programme, who shared their experiences and offered advice on how to navigate the PhD and plan the next steps in their research careers. The speakers were:<br data-start=\"1993\" data-end=\"1996\" \/><strong data-start=\"1996\" data-end=\"2087\">Simona Giorgi, Melissa Bell\u00f3, Francisco Javier \u00c1lvarez, Julio Salazar and Oriol Juanola<\/strong>, who contributed complementary perspectives on professional opportunities within and beyond academia.<\/p>\n<p style=\"text-align: justify\" data-start=\"2191\" data-end=\"2379\">The day concluded with scientific sessions, including poster presentations and <strong data-start=\"2270\" data-end=\"2294\">3-minute flash talks<\/strong>, where students introduced their thesis projects in a dynamic and accessible format.<\/p>\n<p style=\"text-align: justify\" data-start=\"2381\" data-end=\"2454\">At the end of the event, awards were presented to the best contributions:<\/p>\n<ul style=\"text-align: justify\" data-start=\"2456\" data-end=\"2638\">\n<li data-start=\"2456\" data-end=\"2583\">\n<p data-start=\"2458\" data-end=\"2481\">\ud83c\udfc5 <strong data-start=\"2461\" data-end=\"2481\">Best Flash Talks<\/strong><\/p>\n<ul data-start=\"2484\" data-end=\"2583\">\n<li data-start=\"2484\" data-end=\"2507\">\n<p data-start=\"2486\" data-end=\"2507\"><strong data-start=\"2486\" data-end=\"2507\">Julia Ruiz Agull\u00f3<\/strong><\/p>\n<\/li>\n<li data-start=\"2510\" data-end=\"2533\">\n<p data-start=\"2512\" data-end=\"2533\"><strong data-start=\"2512\" data-end=\"2533\">Mar\u00eda L\u00f3pez L\u00f3pez<\/strong><\/p>\n<\/li>\n<li data-start=\"2536\" data-end=\"2583\">\n<p data-start=\"2538\" data-end=\"2583\"><em data-start=\"2538\" data-end=\"2558\">Honourable mention<\/em>: <strong data-start=\"2560\" data-end=\"2583\">Paula de Juan Maci\u00e1<\/strong><\/p>\n<\/li>\n<\/ul>\n<\/li>\n<li data-start=\"2585\" data-end=\"2638\">\n<p data-start=\"2587\" data-end=\"2605\">\ud83c\udfc5 <strong data-start=\"2590\" data-end=\"2605\">Best Poster<\/strong><\/p>\n<ul data-start=\"2608\" data-end=\"2638\">\n<li data-start=\"2608\" data-end=\"2638\">\n<p data-start=\"2610\" data-end=\"2638\"><strong data-start=\"2610\" data-end=\"2638\">Paula del Carmen S\u00e1nchez<\/strong><\/p>\n<\/li>\n<\/ul>\n<\/li>\n<\/ul>\n<p style=\"text-align: justify\" data-start=\"2645\" data-end=\"3060\">This first Welcome Day has proven to be an excellent starting point for building community, sharing experiences and promoting scientific collaboration among doctoral students. It also highlights the <strong data-start=\"2844\" data-end=\"2924\">IDiBE\u2019s strong commitment to the comprehensive training of young researchers<\/strong>, supporting initiatives that foster academic, professional and personal development within an innovative and collaborative environment.<\/p>\n<p style=\"text-align: justify\" data-start=\"3062\" data-end=\"3107\">\ud83d\udcf8 <em data-start=\"3065\" data-end=\"3107\">Images of the event can be viewed below.<\/em><\/p>\n<p>[\/et_pb_text][\/et_pb_column][\/et_pb_row][et_pb_row _builder_version=&#8221;4.17.4&#8243; _module_preset=&#8221;default&#8221;][et_pb_column _builder_version=&#8221;4.17.4&#8243; _module_preset=&#8221;default&#8221; type=&#8221;4_4&#8243;][et_pb_gallery _builder_version=&#8221;4.17.4&#8243; _module_preset=&#8221;default&#8221; gallery_ids=&#8221;24791,24827,24797,24815,24809,24767,24821,24749,24785,24761,24803&#8243; hover_enabled=&#8221;0&#8243; sticky_enabled=&#8221;0&#8243; fullwidth=&#8221;on&#8221;][\/et_pb_gallery][\/et_pb_column][\/et_pb_row][\/et_pb_section]<\/p>\n","protected":false},"excerpt":{"rendered":"<p>The PhD Programme in Health Biotechnology held its first Welcome Day, an event designed to support new doctoral students at the beginning of their research journey and to strengthen interaction among students from different years and research groups. The event was particularly meaningful because it was entirely organised by the PhD students themselves, demonstrating their [&hellip;]<\/p>\n","protected":false},"author":30306,"featured_media":24761,"comment_status":"closed","ping_status":"open","sticky":false,"template":"","format":"standard","meta":{"_et_pb_use_builder":"on","_et_pb_old_content":"<p style=\"text-align: justify;\" data-start=\"202\" data-end=\"770\">The PhD Programme in Health Biotechnology held its <strong data-start=\"253\" data-end=\"274\">first Welcome Day<\/strong>, an event designed to support new doctoral students at the beginning of their research journey and to strengthen interaction among students from different years and research groups. The event was particularly meaningful because it was <strong data-start=\"510\" data-end=\"563\">entirely organised by the PhD students themselves<\/strong>, demonstrating their commitment and active involvement in the programme.<br data-start=\"636\" data-end=\"639\" \/>The session was <strong data-start=\"655\" data-end=\"692\">moderated by Pedro Valent\u00edn Bad\u00eda<\/strong>, who guided the progression of the event and facilitated all activity blocks.<\/p><p style=\"text-align: justify;\" data-start=\"772\" data-end=\"1140\">The session was opened by <strong data-start=\"798\" data-end=\"825\">Paloma Alonso-Magdalena<\/strong>, Deputy Director of the IDiBE, who welcomed the participants. Afterwards, <strong data-start=\"900\" data-end=\"932\">Gregorio Fern\u00e1ndez Ballester<\/strong>, Coordinator of the PhD Programme in Health Biotechnology, presented the structure and functioning of the programme, offering first-year students a clear overview of the academic and administrative dynamics.<\/p><p style=\"text-align: justify;\" data-start=\"1142\" data-end=\"1471\">Following this, <strong data-start=\"1158\" data-end=\"1168\">Anabel Garc\u00eda-Heredia<\/strong>, Innovation Officer at IDiBE, gave a practical presentation on how to use the programme\u2019s website and on the different funding options available \u2014both public and private\u2014 for doctoral studies and postdoctoral stages. She also provided information about career opportunities inside and outside academia.<\/p><p style=\"text-align: justify;\" data-start=\"1473\" data-end=\"1707\">The Welcome Day also included an <strong data-start=\"1506\" data-end=\"1530\">interactive activity<\/strong> designed to encourage networking among PhD students from different groups and research areas, promoting collaboration and peer support from the very beginning of the programme.<\/p><p style=\"text-align: justify;\" data-start=\"1709\" data-end=\"2189\">One of the most valuable moments of the event was the <strong data-start=\"1763\" data-end=\"1808\">round table with postdoctoral researchers<\/strong>, former students of the same programme, who shared their experiences and offered advice on how to navigate the PhD and plan the next steps in their research careers. The speakers were:<br data-start=\"1993\" data-end=\"1996\" \/><strong data-start=\"1996\" data-end=\"2087\">Simona Giorgi, Melissa Bell\u00f3, Francisco Javier \u00c1lvarez, Julio Salazar and Oriol Juanola<\/strong>, who contributed complementary perspectives on professional opportunities within and beyond academia.<\/p><p style=\"text-align: justify;\" data-start=\"2191\" data-end=\"2379\">The day concluded with scientific sessions, including poster presentations and <strong data-start=\"2270\" data-end=\"2294\">3-minute flash talks<\/strong>, where students introduced their thesis projects in a dynamic and accessible format.<\/p><p style=\"text-align: justify;\" data-start=\"2381\" data-end=\"2454\">At the end of the event, awards were presented to the best contributions:<\/p><ul style=\"text-align: justify;\" data-start=\"2456\" data-end=\"2638\"><li data-start=\"2456\" data-end=\"2583\"><p data-start=\"2458\" data-end=\"2481\">\ud83c\udfc5 <strong data-start=\"2461\" data-end=\"2481\">Best Flash Talks<\/strong><\/p><ul data-start=\"2484\" data-end=\"2583\"><li data-start=\"2484\" data-end=\"2507\"><p data-start=\"2486\" data-end=\"2507\"><strong data-start=\"2486\" data-end=\"2507\">Julia Ruiz Agull\u00f3<\/strong><\/p><\/li><li data-start=\"2510\" data-end=\"2533\"><p data-start=\"2512\" data-end=\"2533\"><strong data-start=\"2512\" data-end=\"2533\">Mar\u00eda L\u00f3pez L\u00f3pez<\/strong><\/p><\/li><li data-start=\"2536\" data-end=\"2583\"><p data-start=\"2538\" data-end=\"2583\"><em data-start=\"2538\" data-end=\"2558\">Honourable mention<\/em>: <strong data-start=\"2560\" data-end=\"2583\">Paula de Juan Maci\u00e1<\/strong><\/p><\/li><\/ul><\/li><li data-start=\"2585\" data-end=\"2638\"><p data-start=\"2587\" data-end=\"2605\">\ud83c\udfc5 <strong data-start=\"2590\" data-end=\"2605\">Best Poster<\/strong><\/p><ul data-start=\"2608\" data-end=\"2638\"><li data-start=\"2608\" data-end=\"2638\"><p data-start=\"2610\" data-end=\"2638\"><strong data-start=\"2610\" data-end=\"2638\">Paula del Carmen S\u00e1nchez<\/strong><\/p><\/li><\/ul><\/li><\/ul><p style=\"text-align: justify;\" data-start=\"2645\" data-end=\"3060\">This first Welcome Day has proven to be an excellent starting point for building community, sharing experiences and promoting scientific collaboration among doctoral students. It also highlights the <strong data-start=\"2844\" data-end=\"2924\">IDiBE\u2019s strong commitment to the comprehensive training of young researchers<\/strong>, supporting initiatives that foster academic, professional and personal development within an innovative and collaborative environment.<\/p><p style=\"text-align: justify;\" data-start=\"3062\" data-end=\"3107\">\ud83d\udcf8 <em data-start=\"3065\" data-end=\"3107\">Images of the event can be viewed below.<\/em><\/p>","_et_gb_content_width":"","_links_to":"","_links_to_target":""},"categories":[1],"tags":[],"_links":{"self":[{"href":"https:\/\/idibe.umh.es\/en\/wp-json\/wp\/v2\/posts\/24836"}],"collection":[{"href":"https:\/\/idibe.umh.es\/en\/wp-json\/wp\/v2\/posts"}],"about":[{"href":"https:\/\/idibe.umh.es\/en\/wp-json\/wp\/v2\/types\/post"}],"author":[{"embeddable":true,"href":"https:\/\/idibe.umh.es\/en\/wp-json\/wp\/v2\/users\/30306"}],"replies":[{"embeddable":true,"href":"https:\/\/idibe.umh.es\/en\/wp-json\/wp\/v2\/comments?post=24836"}],"version-history":[{"count":0,"href":"https:\/\/idibe.umh.es\/en\/wp-json\/wp\/v2\/posts\/24836\/revisions"}],"wp:featuredmedia":[{"embeddable":true,"href":"https:\/\/idibe.umh.es\/en\/wp-json\/wp\/v2\/media\/24761"}],"wp:attachment":[{"href":"https:\/\/idibe.umh.es\/en\/wp-json\/wp\/v2\/media?parent=24836"}],"wp:term":[{"taxonomy":"category","embeddable":true,"href":"https:\/\/idibe.umh.es\/en\/wp-json\/wp\/v2\/categories?post=24836"},{"taxonomy":"post_tag","embeddable":true,"href":"https:\/\/idibe.umh.es\/en\/wp-json\/wp\/v2\/tags?post=24836"}],"curies":[{"name":"wp","href":"https:\/\/api.w.org\/{rel}","templated":true}]}}