{"id":25457,"date":"2025-12-15T10:32:22","date_gmt":"2025-12-15T10:32:22","guid":{"rendered":"https:\/\/idibe.umh.es\/?p=25457"},"modified":"2025-12-15T10:32:57","modified_gmt":"2025-12-15T10:32:57","slug":"idibe-researchers-awarded-for-their-teaching-talent","status":"publish","type":"post","link":"https:\/\/idibe.umh.es\/en\/2025\/12\/15\/idibe-researchers-awarded-for-their-teaching-talent\/","title":{"rendered":"IDIBE Researchers Awarded for Their Teaching Talent"},"content":{"rendered":"<p>[et_pb_section fb_built=&#8221;1&#8243; _builder_version=&#8221;4.16&#8243; global_colors_info=&#8221;{}&#8221;][et_pb_row _builder_version=&#8221;4.16&#8243; background_size=&#8221;initial&#8221; background_position=&#8221;top_left&#8221; background_repeat=&#8221;repeat&#8221; global_colors_info=&#8221;{}&#8221;][et_pb_column type=&#8221;4_4&#8243; _builder_version=&#8221;4.16&#8243; custom_padding=&#8221;|||&#8221; global_colors_info=&#8221;{}&#8221; custom_padding__hover=&#8221;|||&#8221;][et_pb_text _builder_version=&#8221;4.16&#8243; background_size=&#8221;initial&#8221; background_position=&#8221;top_left&#8221; background_repeat=&#8221;repeat&#8221; global_colors_info=&#8221;{}&#8221;]<\/p>\n<div class=\"relative basis-auto flex-col -mb-(--composer-overlap-px) [--composer-overlap-px:28px] grow flex\">\n<div class=\"flex flex-col text-sm @w-xl\/main:pt-header-height pb-25\">\n<article class=\"text-token-text-primary w-full focus:outline-none [--shadow-height:45px] has-data-writing-block:pointer-events-none has-data-writing-block:-mt-(--shadow-height) has-data-writing-block:pt-(--shadow-height) [&amp;:has([data-writing-block])&gt;*]:pointer-events-auto scroll-mt-[calc(var(--header-height)+min(200px,max(70px,20svh)))]\" dir=\"auto\" data-turn-id=\"request-WEB:201e875b-9686-4f20-aa04-094754ef9adb-4\" data-testid=\"conversation-turn-10\" data-scroll-anchor=\"true\" data-turn=\"assistant\">\n<div class=\"text-base my-auto mx-auto pb-10 [--thread-content-margin:--spacing(4)] @w-sm\/main:[--thread-content-margin:--spacing(6)] @w-lg\/main:[--thread-content-margin:--spacing(16)] px-(--thread-content-margin)\">\n<div class=\"[--thread-content-max-width:40rem] @w-lg\/main:[--thread-content-max-width:48rem] mx-auto max-w-(--thread-content-max-width) flex-1 group\/turn-messages focus-visible:outline-hidden relative flex w-full min-w-0 flex-col agent-turn\">\n<div class=\"flex max-w-full flex-col grow\">\n<div class=\"min-h-8 text-message relative flex w-full flex-col items-end gap-2 text-start break-words whitespace-normal [.text-message+&amp;]:mt-1\" dir=\"auto\" data-message-author-role=\"assistant\" data-message-id=\"d9ee7591-fd1d-46d4-90cc-a1d055200f7b\" data-message-model-slug=\"gpt-5-2\">\n<div class=\"flex w-full flex-col gap-1 empty:hidden first:pt-[1px]\">\n<div class=\"markdown prose dark:prose-invert w-full break-words light markdown-new-styling\">\n<p style=\"text-align: justify\" data-start=\"92\" data-end=\"306\"><strong data-start=\"92\" data-end=\"138\">December 11th was a special day for IDIBE.<\/strong> During the celebration of the <em data-start=\"169\" data-end=\"193\">Teaching Talent Awards<\/em>, six of its researchers were recognized for their commitment, creativity, and dedication to university teaching.<\/p>\n<p style=\"text-align: justify\" data-start=\"308\" data-end=\"615\">The award recipients were <strong data-start=\"334\" data-end=\"455\">Pilar Garc\u00eda, Laura Marroqu\u00ed, Rub\u00e9n Franc\u00e9s, Mar\u00eda Jos\u00e9 Mart\u00ednez, Roc\u00edo Esquembre, and Mar\u00eda del Mar Ortega-Villaiz\u00e1n<\/strong>\u2014a diverse team united by a shared passion for delivering knowledge in an innovative and engaging way, inspiring students both inside and outside the classroom.<\/p>\n<p style=\"text-align: justify\" data-start=\"617\" data-end=\"968\">This recognition highlights an approach to teaching that goes beyond traditional lectures, integrating research, continuous development, and student motivation as fundamental pillars of the learning process. For IDIBE, this award represents a collective achievement and reflects the excellent work carried out daily in its classrooms and laboratories.<\/p>\n<p style=\"text-align: justify\" data-start=\"970\" data-end=\"1144\">In addition, <strong data-start=\"983\" data-end=\"1040\">a selection of photos from the event is now available<\/strong>, capturing the most memorable moments of the award ceremony and the celebration of teaching excellence.<\/p>\n<p style=\"text-align: justify\" data-start=\"1146\" data-end=\"1233\">\ud83d\udc49 <strong data-start=\"1149\" data-end=\"1233\">We invite you to explore the photo gallery and relive the highlights of the day.<\/strong><\/p>\n<p style=\"text-align: justify\" data-start=\"1235\" data-end=\"1422\">The Teaching Talent Awards underscore the importance of high-quality education and recognize those who actively contribute to training future generations of professionals and researchers.<\/p>\n<\/div>\n<\/div>\n<\/div>\n<\/div>\n<\/div>\n<\/div>\n<\/article>\n<\/div>\n<\/div>\n<p>[\/et_pb_text][\/et_pb_column][\/et_pb_row][et_pb_row _builder_version=&#8221;4.17.4&#8243; _module_preset=&#8221;default&#8221;][et_pb_column _builder_version=&#8221;4.17.4&#8243; _module_preset=&#8221;default&#8221; type=&#8221;4_4&#8243;][et_pb_gallery _builder_version=&#8221;4.17.4&#8243; _module_preset=&#8221;default&#8221; gallery_ids=&#8221;25430,25436,25442,25448,25454&#8243; fullwidth=&#8221;on&#8221; hover_enabled=&#8221;0&#8243; sticky_enabled=&#8221;0&#8243;][\/et_pb_gallery][\/et_pb_column][\/et_pb_row][\/et_pb_section]<\/p>\n","protected":false},"excerpt":{"rendered":"<p>December 11th was a special day for IDIBE. During the celebration of the Teaching Talent Awards, six of its researchers were recognized for their commitment, creativity, and dedication to university teaching. The award recipients were Pilar Garc\u00eda, Laura Marroqu\u00ed, Rub\u00e9n Franc\u00e9s, Mar\u00eda Jos\u00e9 Mart\u00ednez, Roc\u00edo Esquembre, and Mar\u00eda del Mar Ortega-Villaiz\u00e1n\u2014a diverse team united by [&hellip;]<\/p>\n","protected":false},"author":30306,"featured_media":25421,"comment_status":"closed","ping_status":"open","sticky":false,"template":"","format":"standard","meta":{"_et_pb_use_builder":"on","_et_pb_old_content":"<div class=\"relative basis-auto flex-col -mb-(--composer-overlap-px) [--composer-overlap-px:28px] grow flex\"><div class=\"flex flex-col text-sm @w-xl\/main:pt-header-height pb-25\"><article class=\"text-token-text-primary w-full focus:outline-none [--shadow-height:45px] has-data-writing-block:pointer-events-none has-data-writing-block:-mt-(--shadow-height) has-data-writing-block:pt-(--shadow-height) [&:has([data-writing-block])>*]:pointer-events-auto scroll-mt-[calc(var(--header-height)+min(200px,max(70px,20svh)))]\" dir=\"auto\" tabindex=\"-1\" data-turn-id=\"request-WEB:201e875b-9686-4f20-aa04-094754ef9adb-4\" data-testid=\"conversation-turn-10\" data-scroll-anchor=\"true\" data-turn=\"assistant\"><div class=\"text-base my-auto mx-auto pb-10 [--thread-content-margin:--spacing(4)] @w-sm\/main:[--thread-content-margin:--spacing(6)] @w-lg\/main:[--thread-content-margin:--spacing(16)] px-(--thread-content-margin)\"><div class=\"[--thread-content-max-width:40rem] @w-lg\/main:[--thread-content-max-width:48rem] mx-auto max-w-(--thread-content-max-width) flex-1 group\/turn-messages focus-visible:outline-hidden relative flex w-full min-w-0 flex-col agent-turn\" tabindex=\"-1\"><div class=\"flex max-w-full flex-col grow\"><div class=\"min-h-8 text-message relative flex w-full flex-col items-end gap-2 text-start break-words whitespace-normal [.text-message+&]:mt-1\" dir=\"auto\" data-message-author-role=\"assistant\" data-message-id=\"d9ee7591-fd1d-46d4-90cc-a1d055200f7b\" data-message-model-slug=\"gpt-5-2\"><div class=\"flex w-full flex-col gap-1 empty:hidden first:pt-[1px]\"><div class=\"markdown prose dark:prose-invert w-full break-words light markdown-new-styling\"><p style=\"text-align: justify;\" data-start=\"92\" data-end=\"306\"><strong data-start=\"92\" data-end=\"138\">December 11th was a special day for IDIBE.<\/strong> During the celebration of the <em data-start=\"169\" data-end=\"193\">Teaching Talent Awards<\/em>, six of its researchers were recognized for their commitment, creativity, and dedication to university teaching.<\/p><p style=\"text-align: justify;\" data-start=\"308\" data-end=\"615\">The award recipients were <strong data-start=\"334\" data-end=\"455\">Pilar Garc\u00eda, Laura Marroqu\u00ed, Rub\u00e9n Franc\u00e9s, Mar\u00eda Jos\u00e9 Mart\u00ednez, Roc\u00edo Esquembre, and Mar\u00eda del Mar Ortega-Villaiz\u00e1n<\/strong>\u2014a diverse team united by a shared passion for delivering knowledge in an innovative and engaging way, inspiring students both inside and outside the classroom.<\/p><p style=\"text-align: justify;\" data-start=\"617\" data-end=\"968\">This recognition highlights an approach to teaching that goes beyond traditional lectures, integrating research, continuous development, and student motivation as fundamental pillars of the learning process. For IDIBE, this award represents a collective achievement and reflects the excellent work carried out daily in its classrooms and laboratories.<\/p><p style=\"text-align: justify;\" data-start=\"970\" data-end=\"1144\">In addition, <strong data-start=\"983\" data-end=\"1040\">a selection of photos from the event is now available<\/strong>, capturing the most memorable moments of the award ceremony and the celebration of teaching excellence.<\/p><p style=\"text-align: justify;\" data-start=\"1146\" data-end=\"1233\">\ud83d\udc49 <strong data-start=\"1149\" data-end=\"1233\">We invite you to explore the photo gallery and relive the highlights of the day.<\/strong><\/p><p style=\"text-align: justify;\" data-start=\"1235\" data-end=\"1422\">The Teaching Talent Awards underscore the importance of high-quality education and recognize those who actively contribute to training future generations of professionals and researchers.<\/p><\/div><\/div><\/div><\/div><\/div><\/div><\/article><\/div><\/div>","_et_gb_content_width":"","_links_to":"","_links_to_target":""},"categories":[1],"tags":[],"_links":{"self":[{"href":"https:\/\/idibe.umh.es\/en\/wp-json\/wp\/v2\/posts\/25457"}],"collection":[{"href":"https:\/\/idibe.umh.es\/en\/wp-json\/wp\/v2\/posts"}],"about":[{"href":"https:\/\/idibe.umh.es\/en\/wp-json\/wp\/v2\/types\/post"}],"author":[{"embeddable":true,"href":"https:\/\/idibe.umh.es\/en\/wp-json\/wp\/v2\/users\/30306"}],"replies":[{"embeddable":true,"href":"https:\/\/idibe.umh.es\/en\/wp-json\/wp\/v2\/comments?post=25457"}],"version-history":[{"count":0,"href":"https:\/\/idibe.umh.es\/en\/wp-json\/wp\/v2\/posts\/25457\/revisions"}],"wp:featuredmedia":[{"embeddable":true,"href":"https:\/\/idibe.umh.es\/en\/wp-json\/wp\/v2\/media\/25421"}],"wp:attachment":[{"href":"https:\/\/idibe.umh.es\/en\/wp-json\/wp\/v2\/media?parent=25457"}],"wp:term":[{"taxonomy":"category","embeddable":true,"href":"https:\/\/idibe.umh.es\/en\/wp-json\/wp\/v2\/categories?post=25457"},{"taxonomy":"post_tag","embeddable":true,"href":"https:\/\/idibe.umh.es\/en\/wp-json\/wp\/v2\/tags?post=25457"}],"curies":[{"name":"wp","href":"https:\/\/api.w.org\/{rel}","templated":true}]}}