{"id":3928,"date":"2023-09-28T09:51:59","date_gmt":"2023-09-28T09:51:59","guid":{"rendered":"https:\/\/idibe.umh.es\/?p=3928"},"modified":"2023-09-28T09:51:59","modified_gmt":"2023-09-28T09:51:59","slug":"what-can-technological-institutes-offer-in-biotechnology","status":"publish","type":"post","link":"https:\/\/idibe.umh.es\/en\/2023\/09\/28\/what-can-technological-institutes-offer-in-biotechnology\/","title":{"rendered":"&#8220;What can technological institutes offer in biotechnology?&#8221;"},"content":{"rendered":"<div style=\"text-align: justify\">Next Friday, October 27, we will have a conference aimed at promoting the collaboration of IDiBE research groups with technological institutes in the Valencian Community. It will be held in the von Humboldt room and the program will be as follows:<\/div>\n<div style=\"text-align: justify\"><\/div>\n<div style=\"text-align: justify\">9:45 hours. Opening. Antonio Ferrer. IDiBE Director<br \/>\n10:00 hours. Technological Institutes talks<br \/>\nPaqui Aran. INESCOP (Centro Tecnol\u00f3gico del Calzado)<br \/>\nBego\u00f1a Ruiz. AINIA (Instituto Tecnol\u00f3gico de la Alimentaci\u00f3n)<br \/>\nDavid Garrido. IBV (Instituto de Biomec\u00e1nica de Valencia)<\/div>\n<div style=\"text-align: justify\">\u00a0 \u00a0 \u00a0 \u00a0 Vicente Cambra. AITEX (Centro Investigaci\u00f3n e Innovaci\u00f3n Textil y Cosm\u00e9tica)<\/div>\n<div style=\"text-align: justify\">\u00a0 \u00a0 \u00a0 \u00a0 Isabel Meseguer. ITI (Instituto Tecnol\u00f3gico de Inform\u00e1tica)<\/div>\n<div style=\"text-align: justify\">\u00a0 \u00a0 \u00a0 \u00a0 Rafael Jim\u00e9nez Lorenzo. AIMPLAS (Instituto Tecnol\u00f3gico del Pl\u00e1stico)<br \/>\n11:30 hours. Almuerzo y networking<br \/>\n12:00 hours. Reuniones bilaterales<\/div>\n<div style=\"text-align: justify\"><\/div>\n<div style=\"text-align: justify\">Please complete the following form to register and indicate if you are interested in holding a bilateral meeting and with which institute: https:\/\/forms.gle\/7WLFFk8yFwTofUy46<\/div>\n<div style=\"text-align: justify\"><\/div>\n<div>\n<div style=\"text-align: justify\">If you have any queries, please contact to gestan@umh.es or a.terol@umh.es<\/p>\n<div><img loading=\"lazy\" class=\"alignnone wp-image-3924 size-full\" src=\"https:\/\/idibe.umh.es\/files\/2023\/09\/Cartel-IITT.jpg\" alt=\"\" width=\"1383\" height=\"778\" srcset=\"https:\/\/idibe.umh.es\/files\/2023\/09\/Cartel-IITT.jpg 1383w, https:\/\/idibe.umh.es\/files\/2023\/09\/Cartel-IITT-1280x720.jpg 1280w, https:\/\/idibe.umh.es\/files\/2023\/09\/Cartel-IITT-980x551.jpg 980w, https:\/\/idibe.umh.es\/files\/2023\/09\/Cartel-IITT-480x270.jpg 480w\" sizes=\"(min-width: 0px) and (max-width: 480px) 480px, (min-width: 481px) and (max-width: 980px) 980px, (min-width: 981px) and (max-width: 1280px) 1280px, (min-width: 1281px) 1383px, 100vw\" \/><\/div>\n<\/div>\n<\/div>\n","protected":false},"excerpt":{"rendered":"<p>Next Friday, October 27, we will have a conference aimed at promoting the collaboration of IDiBE research groups with technological institutes in the Valencian Community. It will be held in the von Humboldt room and the program will be as follows: 9:45 hours. Opening. Antonio Ferrer. IDiBE Director 10:00 hours. Technological Institutes talks Paqui Aran. [&hellip;]<\/p>\n","protected":false},"author":16956,"featured_media":0,"comment_status":"open","ping_status":"open","sticky":false,"template":"","format":"standard","meta":{"_et_pb_use_builder":"","_et_pb_old_content":"","_et_gb_content_width":"","_links_to":"","_links_to_target":""},"categories":[2932,389452,343861],"tags":[],"_links":{"self":[{"href":"https:\/\/idibe.umh.es\/en\/wp-json\/wp\/v2\/posts\/3928"}],"collection":[{"href":"https:\/\/idibe.umh.es\/en\/wp-json\/wp\/v2\/posts"}],"about":[{"href":"https:\/\/idibe.umh.es\/en\/wp-json\/wp\/v2\/types\/post"}],"author":[{"embeddable":true,"href":"https:\/\/idibe.umh.es\/en\/wp-json\/wp\/v2\/users\/16956"}],"replies":[{"embeddable":true,"href":"https:\/\/idibe.umh.es\/en\/wp-json\/wp\/v2\/comments?post=3928"}],"version-history":[{"count":0,"href":"https:\/\/idibe.umh.es\/en\/wp-json\/wp\/v2\/posts\/3928\/revisions"}],"wp:attachment":[{"href":"https:\/\/idibe.umh.es\/en\/wp-json\/wp\/v2\/media?parent=3928"}],"wp:term":[{"taxonomy":"category","embeddable":true,"href":"https:\/\/idibe.umh.es\/en\/wp-json\/wp\/v2\/categories?post=3928"},{"taxonomy":"post_tag","embeddable":true,"href":"https:\/\/idibe.umh.es\/en\/wp-json\/wp\/v2\/tags?post=3928"}],"curies":[{"name":"wp","href":"https:\/\/api.w.org\/{rel}","templated":true}]}}